{"id":3194,"date":"2022-12-07T16:33:06","date_gmt":"2022-12-07T16:33:06","guid":{"rendered":"https:\/\/www.saminter.com\/que-ha-de-tenir-una-pagina-web-professional\/"},"modified":"2023-01-26T12:54:00","modified_gmt":"2023-01-26T12:54:00","slug":"que-ha-de-tenir-una-pagina-web-professional","status":"publish","type":"post","link":"https:\/\/www.saminter.com\/ca\/que-ha-de-tenir-una-pagina-web-professional\/","title":{"rendered":"Qu\u00e8 ha de tenir una p\u00e0gina web professional?"},"content":{"rendered":"\n<p>El desenvolupament correcte d&#8217;una p\u00e0gina web professional dep\u00e8n de molts factors:<\/p>\n\n<ul class=\"wp-block-list\">\n<li>Un bon disseny.<\/li>\n\n\n\n<li>Un bon codi (ben programada) a HTML5, CSS3, Javascript, PHP, etc.<\/li>\n\n\n\n<li>Una bona usabilitat.<\/li>\n\n\n\n<li>Un bon posicionament.<\/li>\n\n\n\n<li>Que estigui adaptada a dispositius m\u00f2bils.<\/li>\n\n\n\n<li>Que sigui web segur.<\/li>\n<\/ul>\n\n<p>A m\u00e9s, la web ha de tenir el que necessita el propietari, ni m\u00e9s ni menys i ha de mostrar de manera precisa el que se n&#8217;espera, sense divagar per seccions in\u00fatils ni despistar l&#8217;usuari amb continguts irrellevants.<\/p>\n","protected":false},"excerpt":{"rendered":"<p>El desenvolupament correcte d&#8217;una p\u00e0gina web professional dep\u00e8n de molts factors: A m\u00e9s, la web ha de tenir el que necessita el propietari, ni m\u00e9s ni menys i ha de mostrar de manera precisa el que se n&#8217;espera, sense divagar per seccions in\u00fatils ni despistar l&#8217;usuari amb continguts irrellevants.<\/p>\n","protected":false},"author":1,"featured_media":0,"comment_status":"closed","ping_status":"open","sticky":false,"template":"","format":"standard","meta":{"_uag_custom_page_level_css":"","site-sidebar-layout":"default","site-content-layout":"","ast-site-content-layout":"default","site-content-style":"default","site-sidebar-style":"default","ast-global-header-display":"","ast-banner-title-visibility":"","ast-main-header-display":"","ast-hfb-above-header-display":"","ast-hfb-below-header-display":"","ast-hfb-mobile-header-display":"","site-post-title":"","ast-breadcrumbs-content":"","ast-featured-img":"","footer-sml-layout":"","ast-disable-related-posts":"","theme-transparent-header-meta":"","adv-header-id-meta":"","stick-header-meta":"","header-above-stick-meta":"","header-main-stick-meta":"","header-below-stick-meta":"","astra-migrate-meta-layouts":"default","ast-page-background-enabled":"default","ast-page-background-meta":{"desktop":{"background-color":"var(--ast-global-color-4)","background-image":"","background-repeat":"repeat","background-position":"center center","background-size":"auto","background-attachment":"scroll","background-type":"","background-media":"","overlay-type":"","overlay-color":"","overlay-opacity":"","overlay-gradient":""},"tablet":{"background-color":"","background-image":"","background-repeat":"repeat","background-position":"center center","background-size":"auto","background-attachment":"scroll","background-type":"","background-media":"","overlay-type":"","overlay-color":"","overlay-opacity":"","overlay-gradient":""},"mobile":{"background-color":"","background-image":"","background-repeat":"repeat","background-position":"center center","background-size":"auto","background-attachment":"scroll","background-type":"","background-media":"","overlay-type":"","overlay-color":"","overlay-opacity":"","overlay-gradient":""}},"ast-content-background-meta":{"desktop":{"background-color":"var(--ast-global-color-5)","background-image":"","background-repeat":"repeat","background-position":"center center","background-size":"auto","background-attachment":"scroll","background-type":"","background-media":"","overlay-type":"","overlay-color":"","overlay-opacity":"","overlay-gradient":""},"tablet":{"background-color":"var(--ast-global-color-5)","background-image":"","background-repeat":"repeat","background-position":"center center","background-size":"auto","background-attachment":"scroll","background-type":"","background-media":"","overlay-type":"","overlay-color":"","overlay-opacity":"","overlay-gradient":""},"mobile":{"background-color":"var(--ast-global-color-5)","background-image":"","background-repeat":"repeat","background-position":"center center","background-size":"auto","background-attachment":"scroll","background-type":"","background-media":"","overlay-type":"","overlay-color":"","overlay-opacity":"","overlay-gradient":""}},"footnotes":""},"categories":[1],"tags":[],"class_list":["post-3194","post","type-post","status-publish","format-standard","hentry","category-sin-categorizar"],"yoast_head":"<!-- This site is optimized with the Yoast SEO plugin v27.0 - https:\/\/yoast.com\/product\/yoast-seo-wordpress\/ -->\n<title>Qu\u00e8 ha de tenir una p\u00e0gina web professional? - Sam\u00ednter<\/title>\n<meta name=\"robots\" content=\"index, follow, max-snippet:-1, max-image-preview:large, max-video-preview:-1\" \/>\n<link rel=\"canonical\" href=\"https:\/\/www.saminter.com\/ca\/que-ha-de-tenir-una-pagina-web-professional\/\" \/>\n<meta property=\"og:locale\" content=\"ca_ES\" \/>\n<meta property=\"og:type\" content=\"article\" \/>\n<meta property=\"og:title\" content=\"Qu\u00e8 ha de tenir una p\u00e0gina web professional? - Sam\u00ednter\" \/>\n<meta property=\"og:description\" content=\"El desenvolupament correcte d&#8217;una p\u00e0gina web professional dep\u00e8n de molts factors: A m\u00e9s, la web ha de tenir el que necessita el propietari, ni m\u00e9s ni menys i ha de mostrar de manera precisa el que se n&#8217;espera, sense divagar per seccions in\u00fatils ni despistar l&#8217;usuari amb continguts irrellevants.\" \/>\n<meta property=\"og:url\" content=\"https:\/\/www.saminter.com\/ca\/que-ha-de-tenir-una-pagina-web-professional\/\" \/>\n<meta property=\"og:site_name\" content=\"Sam\u00ednter\" \/>\n<meta property=\"article:published_time\" content=\"2022-12-07T16:33:06+00:00\" \/>\n<meta property=\"article:modified_time\" content=\"2023-01-26T12:54:00+00:00\" \/>\n<meta name=\"author\" content=\"UsSam\" \/>\n<meta name=\"twitter:card\" content=\"summary_large_image\" \/>\n<meta name=\"twitter:label1\" content=\"Escrit per\" \/>\n\t<meta name=\"twitter:data1\" content=\"UsSam\" \/>\n<script type=\"application\/ld+json\" class=\"yoast-schema-graph\">{\"@context\":\"https:\/\/schema.org\",\"@graph\":[{\"@type\":\"Article\",\"@id\":\"https:\/\/www.saminter.com\/ca\/que-ha-de-tenir-una-pagina-web-professional\/#article\",\"isPartOf\":{\"@id\":\"https:\/\/www.saminter.com\/ca\/que-ha-de-tenir-una-pagina-web-professional\/\"},\"author\":{\"name\":\"UsSam\",\"@id\":\"https:\/\/www.saminter.com\/ca\/#\/schema\/person\/06bb961686886574f3e1f8381935b0ca\"},\"headline\":\"Qu\u00e8 ha de tenir una p\u00e0gina web professional?\",\"datePublished\":\"2022-12-07T16:33:06+00:00\",\"dateModified\":\"2023-01-26T12:54:00+00:00\",\"mainEntityOfPage\":{\"@id\":\"https:\/\/www.saminter.com\/ca\/que-ha-de-tenir-una-pagina-web-professional\/\"},\"wordCount\":97,\"publisher\":{\"@id\":\"https:\/\/www.saminter.com\/ca\/#organization\"},\"articleSection\":[\"Sin categorizar\"],\"inLanguage\":\"ca\"},{\"@type\":\"WebPage\",\"@id\":\"https:\/\/www.saminter.com\/ca\/que-ha-de-tenir-una-pagina-web-professional\/\",\"url\":\"https:\/\/www.saminter.com\/ca\/que-ha-de-tenir-una-pagina-web-professional\/\",\"name\":\"Qu\u00e8 ha de tenir una p\u00e0gina web professional? - Sam\u00ednter\",\"isPartOf\":{\"@id\":\"https:\/\/www.saminter.com\/ca\/#website\"},\"datePublished\":\"2022-12-07T16:33:06+00:00\",\"dateModified\":\"2023-01-26T12:54:00+00:00\",\"breadcrumb\":{\"@id\":\"https:\/\/www.saminter.com\/ca\/que-ha-de-tenir-una-pagina-web-professional\/#breadcrumb\"},\"inLanguage\":\"ca\",\"potentialAction\":[{\"@type\":\"ReadAction\",\"target\":[\"https:\/\/www.saminter.com\/ca\/que-ha-de-tenir-una-pagina-web-professional\/\"]}]},{\"@type\":\"BreadcrumbList\",\"@id\":\"https:\/\/www.saminter.com\/ca\/que-ha-de-tenir-una-pagina-web-professional\/#breadcrumb\",\"itemListElement\":[{\"@type\":\"ListItem\",\"position\":1,\"name\":\"Portada\",\"item\":\"https:\/\/www.saminter.com\/ca\/\"},{\"@type\":\"ListItem\",\"position\":2,\"name\":\"Qu\u00e8 ha de tenir una p\u00e0gina web professional?\"}]},{\"@type\":\"WebSite\",\"@id\":\"https:\/\/www.saminter.com\/ca\/#website\",\"url\":\"https:\/\/www.saminter.com\/ca\/\",\"name\":\"Sam\u00ednter\",\"description\":\"\",\"publisher\":{\"@id\":\"https:\/\/www.saminter.com\/ca\/#organization\"},\"potentialAction\":[{\"@type\":\"SearchAction\",\"target\":{\"@type\":\"EntryPoint\",\"urlTemplate\":\"https:\/\/www.saminter.com\/ca\/?s={search_term_string}\"},\"query-input\":{\"@type\":\"PropertyValueSpecification\",\"valueRequired\":true,\"valueName\":\"search_term_string\"}}],\"inLanguage\":\"ca\"},{\"@type\":\"Organization\",\"@id\":\"https:\/\/www.saminter.com\/ca\/#organization\",\"name\":\"Sam\u00ednter\",\"url\":\"https:\/\/www.saminter.com\/ca\/\",\"logo\":{\"@type\":\"ImageObject\",\"inLanguage\":\"ca\",\"@id\":\"https:\/\/www.saminter.com\/ca\/#\/schema\/logo\/image\/\",\"url\":\"https:\/\/www.saminter.com\/wp-content\/uploads\/2023\/02\/nou_logo.png\",\"contentUrl\":\"https:\/\/www.saminter.com\/wp-content\/uploads\/2023\/02\/nou_logo.png\",\"width\":530,\"height\":130,\"caption\":\"Sam\u00ednter\"},\"image\":{\"@id\":\"https:\/\/www.saminter.com\/ca\/#\/schema\/logo\/image\/\"}},{\"@type\":\"Person\",\"@id\":\"https:\/\/www.saminter.com\/ca\/#\/schema\/person\/06bb961686886574f3e1f8381935b0ca\",\"name\":\"UsSam\",\"image\":{\"@type\":\"ImageObject\",\"inLanguage\":\"ca\",\"@id\":\"https:\/\/www.saminter.com\/ca\/#\/schema\/person\/image\/\",\"url\":\"https:\/\/secure.gravatar.com\/avatar\/13994689505b239eae633151f79d42bd69ad6b4fb607da64338c3c2d502e4b79?s=96&d=mm&r=g\",\"contentUrl\":\"https:\/\/secure.gravatar.com\/avatar\/13994689505b239eae633151f79d42bd69ad6b4fb607da64338c3c2d502e4b79?s=96&d=mm&r=g\",\"caption\":\"UsSam\"},\"sameAs\":[\"https:\/\/www.saminter.com\"],\"url\":\"https:\/\/www.saminter.com\/ca\/author\/ussam\/\"}]}<\/script>\n<!-- \/ Yoast SEO plugin. -->","yoast_head_json":{"title":"Qu\u00e8 ha de tenir una p\u00e0gina web professional? - Sam\u00ednter","robots":{"index":"index","follow":"follow","max-snippet":"max-snippet:-1","max-image-preview":"max-image-preview:large","max-video-preview":"max-video-preview:-1"},"canonical":"https:\/\/www.saminter.com\/ca\/que-ha-de-tenir-una-pagina-web-professional\/","og_locale":"ca_ES","og_type":"article","og_title":"Qu\u00e8 ha de tenir una p\u00e0gina web professional? - Sam\u00ednter","og_description":"El desenvolupament correcte d&#8217;una p\u00e0gina web professional dep\u00e8n de molts factors: A m\u00e9s, la web ha de tenir el que necessita el propietari, ni m\u00e9s ni menys i ha de mostrar de manera precisa el que se n&#8217;espera, sense divagar per seccions in\u00fatils ni despistar l&#8217;usuari amb continguts irrellevants.","og_url":"https:\/\/www.saminter.com\/ca\/que-ha-de-tenir-una-pagina-web-professional\/","og_site_name":"Sam\u00ednter","article_published_time":"2022-12-07T16:33:06+00:00","article_modified_time":"2023-01-26T12:54:00+00:00","author":"UsSam","twitter_card":"summary_large_image","twitter_misc":{"Escrit per":"UsSam"},"schema":{"@context":"https:\/\/schema.org","@graph":[{"@type":"Article","@id":"https:\/\/www.saminter.com\/ca\/que-ha-de-tenir-una-pagina-web-professional\/#article","isPartOf":{"@id":"https:\/\/www.saminter.com\/ca\/que-ha-de-tenir-una-pagina-web-professional\/"},"author":{"name":"UsSam","@id":"https:\/\/www.saminter.com\/ca\/#\/schema\/person\/06bb961686886574f3e1f8381935b0ca"},"headline":"Qu\u00e8 ha de tenir una p\u00e0gina web professional?","datePublished":"2022-12-07T16:33:06+00:00","dateModified":"2023-01-26T12:54:00+00:00","mainEntityOfPage":{"@id":"https:\/\/www.saminter.com\/ca\/que-ha-de-tenir-una-pagina-web-professional\/"},"wordCount":97,"publisher":{"@id":"https:\/\/www.saminter.com\/ca\/#organization"},"articleSection":["Sin categorizar"],"inLanguage":"ca"},{"@type":"WebPage","@id":"https:\/\/www.saminter.com\/ca\/que-ha-de-tenir-una-pagina-web-professional\/","url":"https:\/\/www.saminter.com\/ca\/que-ha-de-tenir-una-pagina-web-professional\/","name":"Qu\u00e8 ha de tenir una p\u00e0gina web professional? - Sam\u00ednter","isPartOf":{"@id":"https:\/\/www.saminter.com\/ca\/#website"},"datePublished":"2022-12-07T16:33:06+00:00","dateModified":"2023-01-26T12:54:00+00:00","breadcrumb":{"@id":"https:\/\/www.saminter.com\/ca\/que-ha-de-tenir-una-pagina-web-professional\/#breadcrumb"},"inLanguage":"ca","potentialAction":[{"@type":"ReadAction","target":["https:\/\/www.saminter.com\/ca\/que-ha-de-tenir-una-pagina-web-professional\/"]}]},{"@type":"BreadcrumbList","@id":"https:\/\/www.saminter.com\/ca\/que-ha-de-tenir-una-pagina-web-professional\/#breadcrumb","itemListElement":[{"@type":"ListItem","position":1,"name":"Portada","item":"https:\/\/www.saminter.com\/ca\/"},{"@type":"ListItem","position":2,"name":"Qu\u00e8 ha de tenir una p\u00e0gina web professional?"}]},{"@type":"WebSite","@id":"https:\/\/www.saminter.com\/ca\/#website","url":"https:\/\/www.saminter.com\/ca\/","name":"Sam\u00ednter","description":"","publisher":{"@id":"https:\/\/www.saminter.com\/ca\/#organization"},"potentialAction":[{"@type":"SearchAction","target":{"@type":"EntryPoint","urlTemplate":"https:\/\/www.saminter.com\/ca\/?s={search_term_string}"},"query-input":{"@type":"PropertyValueSpecification","valueRequired":true,"valueName":"search_term_string"}}],"inLanguage":"ca"},{"@type":"Organization","@id":"https:\/\/www.saminter.com\/ca\/#organization","name":"Sam\u00ednter","url":"https:\/\/www.saminter.com\/ca\/","logo":{"@type":"ImageObject","inLanguage":"ca","@id":"https:\/\/www.saminter.com\/ca\/#\/schema\/logo\/image\/","url":"https:\/\/www.saminter.com\/wp-content\/uploads\/2023\/02\/nou_logo.png","contentUrl":"https:\/\/www.saminter.com\/wp-content\/uploads\/2023\/02\/nou_logo.png","width":530,"height":130,"caption":"Sam\u00ednter"},"image":{"@id":"https:\/\/www.saminter.com\/ca\/#\/schema\/logo\/image\/"}},{"@type":"Person","@id":"https:\/\/www.saminter.com\/ca\/#\/schema\/person\/06bb961686886574f3e1f8381935b0ca","name":"UsSam","image":{"@type":"ImageObject","inLanguage":"ca","@id":"https:\/\/www.saminter.com\/ca\/#\/schema\/person\/image\/","url":"https:\/\/secure.gravatar.com\/avatar\/13994689505b239eae633151f79d42bd69ad6b4fb607da64338c3c2d502e4b79?s=96&d=mm&r=g","contentUrl":"https:\/\/secure.gravatar.com\/avatar\/13994689505b239eae633151f79d42bd69ad6b4fb607da64338c3c2d502e4b79?s=96&d=mm&r=g","caption":"UsSam"},"sameAs":["https:\/\/www.saminter.com"],"url":"https:\/\/www.saminter.com\/ca\/author\/ussam\/"}]}},"uagb_featured_image_src":{"full":false,"thumbnail":false,"medium":false,"medium_large":false,"large":false,"1536x1536":false,"2048x2048":false},"uagb_author_info":{"display_name":"UsSam","author_link":"https:\/\/www.saminter.com\/ca\/author\/ussam\/"},"uagb_comment_info":0,"uagb_excerpt":"El desenvolupament correcte d&#8217;una p\u00e0gina web professional dep\u00e8n de molts factors: A m\u00e9s, la web ha de tenir el que necessita el propietari, ni m\u00e9s ni menys i ha de mostrar de manera precisa el que se n&#8217;espera, sense divagar per seccions in\u00fatils ni despistar l&#8217;usuari amb continguts irrellevants.","_links":{"self":[{"href":"https:\/\/www.saminter.com\/ca\/wp-json\/wp\/v2\/posts\/3194","targetHints":{"allow":["GET"]}}],"collection":[{"href":"https:\/\/www.saminter.com\/ca\/wp-json\/wp\/v2\/posts"}],"about":[{"href":"https:\/\/www.saminter.com\/ca\/wp-json\/wp\/v2\/types\/post"}],"author":[{"embeddable":true,"href":"https:\/\/www.saminter.com\/ca\/wp-json\/wp\/v2\/users\/1"}],"replies":[{"embeddable":true,"href":"https:\/\/www.saminter.com\/ca\/wp-json\/wp\/v2\/comments?post=3194"}],"version-history":[{"count":1,"href":"https:\/\/www.saminter.com\/ca\/wp-json\/wp\/v2\/posts\/3194\/revisions"}],"predecessor-version":[{"id":3195,"href":"https:\/\/www.saminter.com\/ca\/wp-json\/wp\/v2\/posts\/3194\/revisions\/3195"}],"wp:attachment":[{"href":"https:\/\/www.saminter.com\/ca\/wp-json\/wp\/v2\/media?parent=3194"}],"wp:term":[{"taxonomy":"category","embeddable":true,"href":"https:\/\/www.saminter.com\/ca\/wp-json\/wp\/v2\/categories?post=3194"},{"taxonomy":"post_tag","embeddable":true,"href":"https:\/\/www.saminter.com\/ca\/wp-json\/wp\/v2\/tags?post=3194"}],"curies":[{"name":"wp","href":"https:\/\/api.w.org\/{rel}","templated":true}]}}