{"id":4551,"date":"2023-05-16T15:04:41","date_gmt":"2023-05-16T15:04:41","guid":{"rendered":"https:\/\/www.saminter.com\/desenvolupament-i-programacio-de-software-a-mida-en-la-actualitat\/"},"modified":"2023-06-07T15:37:17","modified_gmt":"2023-06-07T15:37:17","slug":"desenvolupament-i-programacio-de-software-a-mida-en-la-actualitat","status":"publish","type":"post","link":"https:\/\/www.saminter.com\/ca\/desenvolupament-i-programacio-de-software-a-mida-en-la-actualitat\/","title":{"rendered":"El desenvolupament i programaci\u00f3 de programari a mida en la actualitat"},"content":{"rendered":"\n<p>Sovint, <strong>les aplicacions de programari generalistes o prefabricades no s\u00f3n suficients per solucionar les tasques di\u00e0ries d&#8217;un negoci<\/strong>, fet que porta a utilitzar diferents aplicacions, s&#8217;allarguen els processos de treball, es dupliquen les accions, augmenta la probabilitat d&#8217;errors en passar dades i es limiten els procediments. <strong>En aquests casos, la soluci\u00f3 ideal \u00e9s el desenvolupament de programari a mida.<\/strong><\/p>\n\n<p><a href=\"#ventajas-del-desarrollo-de-software-a-medida\">Avantatges del desenvolupament de programari a mida<\/a><br\/><a href=\"#Como-se-crea-el-desarrollo-de-software-a-medida-en-la-actualidad\">Com es crea el desenvolupament de programari a mida actualment?<\/a><br\/><a href=\"#es-lo-mismo-programacion-de-aplicaciones-que-desarrollo-de-software\">\u00c9s el mateix programaci\u00f3 d&#8217;aplicacions a mida que desenvolupament de programari a mida?<\/a><br\/><a href=\"#Conclusiones\">Conclusions<\/a><\/p>\n\n<div class=\"wp-block-uagb-advanced-heading uagb-block-4a472ab6\" id=\"ventajas-del-desarrollo-de-software-a-medida\"><h2 class=\"uagb-heading-text\">Avantatges del desenvolupament de programari a mida<\/h2><\/div>\n\n<ul class=\"wp-block-list\">\n<li>Ofereix una <strong>personalitzaci\u00f3 i adaptaci\u00f3<\/strong> que respon a les necessitats \u00faniques de cada empresa, fent-ho m\u00e9s eficient i efectiu per dur a terme tasques espec\u00edfiques.<\/li>\n\n\n\n<li>Podeu <strong>automatitzar processos per augmentar la productivitat i estalviar temps<\/strong> als empleats per dedicar-se a tasques m\u00e9s importants i valuoses per a l&#8217;empresa.<\/li>\n\n\n\n<li><strong>Millora l&#8217;efici\u00e8ncia, velocitat i precisi\u00f3 en la realitzaci\u00f3 de tasques<\/strong>, cosa que pot proporcionar un avantatge competitiu i millorar la percepci\u00f3 de la marca i reputaci\u00f3 de l&#8217;empresa.<\/li>\n\n\n\n<li>A llarg termini, <strong>el programari a mida pot resultar m\u00e9s econ\u00f2mi<\/strong>c que les solucions prefabricades o generalistes, ja que no requereix llic\u00e8ncies ni actualitzacions costoses com ara les solucions de programari existents i pot ser dissenyat per funcionar durant molts anys, reduint el cost d&#8217;haver de reempla\u00e7ar-lo o actualitzar-lo.<\/li>\n<\/ul>\n\n<div class=\"wp-block-uagb-advanced-heading uagb-block-64467623\" id=\"Como-se-crea-el-desarrollo-de-software-a-medida-en-la-actualidad\"><h2 class=\"uagb-heading-text\">Com es crea el desenvolupament de programari a mida actualment?<\/h2><\/div>\n\n<p>Primer es fa una an\u00e0lisi de les necessitats del client, posteriorment es determina quins llenguatges i sistemes s\u00f3n els m\u00e9s adequats per realitzar l&#8217;aplicaci\u00f3, a continuaci\u00f3 es procedeix al seu desenvolupament i un cop acabat es procedeix a la fase de proves i verificaci\u00f3.<\/p>\n\n<p>Actualment hi ha dos grans grups\/tipus d&#8217;aplicacions:<\/p>\n\n<ul class=\"wp-block-list\">\n<li><strong>Aplicacions descriptori<\/strong>: S\u00f3n les aplicacions tradicionals i molt utilitzades abans de l&#8217;aparici\u00f3 d&#8217;internet. Les aplicacions estan instal\u00b7lades a l&#8217;ordinador\/rs de l&#8217;empresa. Avui dia, s\u00f3n \u00fatils especialment per a aplicacions de sistemes, jocs i semblant.<\/li>\n\n\n\n<li><strong>Aplicacions al n\u00favol<\/strong>: S\u00f3n aplicacions que estan instal\u00b7lades al n\u00favol (servidors d&#8217;internet privats) i s&#8217;utilitzen sobretot en la creaci\u00f3 de programari de gesti\u00f3 i similar. T\u00e9 molts avantatges, com ara:\n<ul class=\"wp-block-list\">\n<li>La informaci\u00f3 est\u00e0 centralitzada i pot actualitzar o gestionar l&#8217;aplicaci\u00f3 des d&#8217;un \u00fanic lloc.<\/li>\n\n\n\n<li>Qualsevol usuari pot accedir a l&#8217;aplicaci\u00f3 (mitjan\u00e7ant usuari\/contrasenya) des de qualsevol dispositiu o localitat.<\/li>\n\n\n\n<li>Facilita el treball i la comunicaci\u00f3 entre el personal i els clients en cas necessari.<\/li>\n<\/ul>\n<\/li>\n<\/ul>\n\n<div class=\"wp-block-uagb-advanced-heading uagb-block-2e9f4c59\" id=\"es-lo-mismo-programacion-de-aplicaciones-que-desarrollo-de-software\"><h2 class=\"uagb-heading-text\">\u00c9s el mateix programaci\u00f3 d&#8217;aplicacions a mida que desenvolupament de programari a mida?<\/h2><\/div>\n\n<p>B\u00e0sicament s\u00ed, s\u00f3n el mateix.<\/p>\n\n<ul class=\"wp-block-list\">\n<li>El terme &#8220;<strong>programaci\u00f3 d&#8217;aplicacions a mida<\/strong>&#8221; \u00e9s m\u00e9s tradicional i fa refer\u00e8ncia a la programaci\u00f3 d&#8217;una aplicaci\u00f3 a mida del client.<\/li>\n\n\n\n<li>El terme &#8220;<strong>desenvolupament de programari a mida&#8221;<\/strong> fa refer\u00e8ncia al desenvolupament d&#8217;un programari a mida per al client. \u00c9s un concepte m\u00e9s actual i que t\u00e9 una mica m\u00e9s d&#8217;abast (en indicar programari en general i no nom\u00e9s aplicacions) encara que a la pr\u00e0ctica solen ser el mateix.<\/li>\n<\/ul>\n\n<div class=\"wp-block-uagb-advanced-heading uagb-block-9c2d6873\" id=\"Conclusiones\"><h2 class=\"uagb-heading-text\">Conclusions<\/h2><\/div>\n\n<p>Perqu\u00e8 una empresa o negoci pugui tenir una gesti\u00f3 empresarial efica\u00e7, processos automatitzats i un fort augment de la productivitat, el desenvolupament de programari a mida \u00e9s la soluci\u00f3 ideal.<br\/><br\/>Actualment per realitzar el desenvolupament d&#8217;aplicacions de gesti\u00f3 la millor soluci\u00f3 \u00e9s, sens dubte, la programaci\u00f3 al n\u00favol, deixant la programaci\u00f3 d&#8217;escriptori per a aplicacions espec\u00edfiques que requereixin molta pot\u00e8ncia de proc\u00e9s o acc\u00e9s al maquinari (aplicacions de sistemes, programari 3d, jocs , \u2026)<\/p>\n","protected":false},"excerpt":{"rendered":"<p>Sovint, les aplicacions de programari generalistes o prefabricades no s\u00f3n suficients per solucionar les tasques di\u00e0ries d&#8217;un negoci, fet que porta a utilitzar diferents aplicacions, s&#8217;allarguen els processos de treball, es dupliquen les accions, augmenta la probabilitat d&#8217;errors en passar dades i es limiten els procediments. En aquests casos, la soluci\u00f3 ideal \u00e9s el desenvolupament [&hellip;]<\/p>\n","protected":false},"author":1,"featured_media":4542,"comment_status":"closed","ping_status":"open","sticky":false,"template":"","format":"standard","meta":{"_uag_custom_page_level_css":"","site-sidebar-layout":"default","site-content-layout":"","ast-site-content-layout":"default","site-content-style":"default","site-sidebar-style":"default","ast-global-header-display":"","ast-banner-title-visibility":"","ast-main-header-display":"","ast-hfb-above-header-display":"","ast-hfb-below-header-display":"","ast-hfb-mobile-header-display":"","site-post-title":"","ast-breadcrumbs-content":"","ast-featured-img":"","footer-sml-layout":"","ast-disable-related-posts":"","theme-transparent-header-meta":"","adv-header-id-meta":"","stick-header-meta":"","header-above-stick-meta":"","header-main-stick-meta":"","header-below-stick-meta":"","astra-migrate-meta-layouts":"default","ast-page-background-enabled":"default","ast-page-background-meta":{"desktop":{"background-color":"var(--ast-global-color-4)","background-image":"","background-repeat":"repeat","background-position":"center center","background-size":"auto","background-attachment":"scroll","background-type":"","background-media":"","overlay-type":"","overlay-color":"","overlay-opacity":"","overlay-gradient":""},"tablet":{"background-color":"","background-image":"","background-repeat":"repeat","background-position":"center center","background-size":"auto","background-attachment":"scroll","background-type":"","background-media":"","overlay-type":"","overlay-color":"","overlay-opacity":"","overlay-gradient":""},"mobile":{"background-color":"","background-image":"","background-repeat":"repeat","background-position":"center center","background-size":"auto","background-attachment":"scroll","background-type":"","background-media":"","overlay-type":"","overlay-color":"","overlay-opacity":"","overlay-gradient":""}},"ast-content-background-meta":{"desktop":{"background-color":"var(--ast-global-color-5)","background-image":"","background-repeat":"repeat","background-position":"center center","background-size":"auto","background-attachment":"scroll","background-type":"","background-media":"","overlay-type":"","overlay-color":"","overlay-opacity":"","overlay-gradient":""},"tablet":{"background-color":"var(--ast-global-color-5)","background-image":"","background-repeat":"repeat","background-position":"center center","background-size":"auto","background-attachment":"scroll","background-type":"","background-media":"","overlay-type":"","overlay-color":"","overlay-opacity":"","overlay-gradient":""},"mobile":{"background-color":"var(--ast-global-color-5)","background-image":"","background-repeat":"repeat","background-position":"center center","background-size":"auto","background-attachment":"scroll","background-type":"","background-media":"","overlay-type":"","overlay-color":"","overlay-opacity":"","overlay-gradient":""}},"footnotes":""},"categories":[1],"tags":[],"class_list":["post-4551","post","type-post","status-publish","format-standard","has-post-thumbnail","hentry","category-sin-categorizar"],"yoast_head":"<!-- This site is optimized with the Yoast SEO plugin v27.0 - https:\/\/yoast.com\/product\/yoast-seo-wordpress\/ -->\n<title>El desenvolupament de programari a mida en la actualitat<\/title>\n<meta name=\"description\" content=\"An\u00e0lisi del desenvolupament de programari a mida en la actualitat | Programaci\u00f3 d&#039;aplicacions a mida d&#039;escriptori i al n\u00favol\" \/>\n<meta name=\"robots\" content=\"index, follow, max-snippet:-1, max-image-preview:large, max-video-preview:-1\" \/>\n<link rel=\"canonical\" href=\"https:\/\/www.saminter.com\/ca\/desenvolupament-i-programacio-de-software-a-mida-en-la-actualitat\/\" \/>\n<meta property=\"og:locale\" content=\"ca_ES\" \/>\n<meta property=\"og:type\" content=\"article\" \/>\n<meta property=\"og:title\" content=\"El desenvolupament de programari a mida en la actualitat\" \/>\n<meta property=\"og:description\" content=\"An\u00e0lisi del desenvolupament de programari a mida en la actualitat | Programaci\u00f3 d&#039;aplicacions a mida d&#039;escriptori i al n\u00favol\" \/>\n<meta property=\"og:url\" content=\"https:\/\/www.saminter.com\/ca\/desenvolupament-i-programacio-de-software-a-mida-en-la-actualitat\/\" \/>\n<meta property=\"og:site_name\" content=\"Sam\u00ednter\" \/>\n<meta property=\"article:published_time\" content=\"2023-05-16T15:04:41+00:00\" \/>\n<meta property=\"article:modified_time\" content=\"2023-06-07T15:37:17+00:00\" \/>\n<meta property=\"og:image\" content=\"https:\/\/www.saminter.com\/wp-content\/uploads\/2023\/05\/soft.jpg\" \/>\n\t<meta property=\"og:image:width\" content=\"599\" \/>\n\t<meta property=\"og:image:height\" content=\"599\" \/>\n\t<meta property=\"og:image:type\" content=\"image\/jpeg\" \/>\n<meta name=\"author\" content=\"UsSam\" \/>\n<meta name=\"twitter:card\" content=\"summary_large_image\" \/>\n<meta name=\"twitter:label1\" content=\"Escrit per\" \/>\n\t<meta name=\"twitter:data1\" content=\"UsSam\" \/>\n\t<meta name=\"twitter:label2\" content=\"Temps estimat de lectura\" \/>\n\t<meta name=\"twitter:data2\" content=\"3 minuts\" \/>\n<script type=\"application\/ld+json\" class=\"yoast-schema-graph\">{\"@context\":\"https:\/\/schema.org\",\"@graph\":[{\"@type\":\"Article\",\"@id\":\"https:\/\/www.saminter.com\/ca\/desenvolupament-i-programacio-de-software-a-mida-en-la-actualitat\/#article\",\"isPartOf\":{\"@id\":\"https:\/\/www.saminter.com\/ca\/desenvolupament-i-programacio-de-software-a-mida-en-la-actualitat\/\"},\"author\":{\"name\":\"UsSam\",\"@id\":\"https:\/\/www.saminter.com\/ca\/#\/schema\/person\/06bb961686886574f3e1f8381935b0ca\"},\"headline\":\"El desenvolupament i programaci\u00f3 de programari a mida en la actualitat\",\"datePublished\":\"2023-05-16T15:04:41+00:00\",\"dateModified\":\"2023-06-07T15:37:17+00:00\",\"mainEntityOfPage\":{\"@id\":\"https:\/\/www.saminter.com\/ca\/desenvolupament-i-programacio-de-software-a-mida-en-la-actualitat\/\"},\"wordCount\":625,\"publisher\":{\"@id\":\"https:\/\/www.saminter.com\/ca\/#organization\"},\"image\":{\"@id\":\"https:\/\/www.saminter.com\/ca\/desenvolupament-i-programacio-de-software-a-mida-en-la-actualitat\/#primaryimage\"},\"thumbnailUrl\":\"https:\/\/www.saminter.com\/wp-content\/uploads\/2023\/05\/soft.jpg\",\"articleSection\":[\"Sin categorizar\"],\"inLanguage\":\"ca\"},{\"@type\":\"WebPage\",\"@id\":\"https:\/\/www.saminter.com\/ca\/desenvolupament-i-programacio-de-software-a-mida-en-la-actualitat\/\",\"url\":\"https:\/\/www.saminter.com\/ca\/desenvolupament-i-programacio-de-software-a-mida-en-la-actualitat\/\",\"name\":\"El desenvolupament de programari a mida en la actualitat\",\"isPartOf\":{\"@id\":\"https:\/\/www.saminter.com\/ca\/#website\"},\"primaryImageOfPage\":{\"@id\":\"https:\/\/www.saminter.com\/ca\/desenvolupament-i-programacio-de-software-a-mida-en-la-actualitat\/#primaryimage\"},\"image\":{\"@id\":\"https:\/\/www.saminter.com\/ca\/desenvolupament-i-programacio-de-software-a-mida-en-la-actualitat\/#primaryimage\"},\"thumbnailUrl\":\"https:\/\/www.saminter.com\/wp-content\/uploads\/2023\/05\/soft.jpg\",\"datePublished\":\"2023-05-16T15:04:41+00:00\",\"dateModified\":\"2023-06-07T15:37:17+00:00\",\"description\":\"An\u00e0lisi del desenvolupament de programari a mida en la actualitat | Programaci\u00f3 d'aplicacions a mida d'escriptori i al n\u00favol\",\"breadcrumb\":{\"@id\":\"https:\/\/www.saminter.com\/ca\/desenvolupament-i-programacio-de-software-a-mida-en-la-actualitat\/#breadcrumb\"},\"inLanguage\":\"ca\",\"potentialAction\":[{\"@type\":\"ReadAction\",\"target\":[\"https:\/\/www.saminter.com\/ca\/desenvolupament-i-programacio-de-software-a-mida-en-la-actualitat\/\"]}]},{\"@type\":\"ImageObject\",\"inLanguage\":\"ca\",\"@id\":\"https:\/\/www.saminter.com\/ca\/desenvolupament-i-programacio-de-software-a-mida-en-la-actualitat\/#primaryimage\",\"url\":\"https:\/\/www.saminter.com\/wp-content\/uploads\/2023\/05\/soft.jpg\",\"contentUrl\":\"https:\/\/www.saminter.com\/wp-content\/uploads\/2023\/05\/soft.jpg\",\"width\":599,\"height\":599,\"caption\":\"El desarrollo y programaci\u00f3n de software a medida en la actualidad\"},{\"@type\":\"BreadcrumbList\",\"@id\":\"https:\/\/www.saminter.com\/ca\/desenvolupament-i-programacio-de-software-a-mida-en-la-actualitat\/#breadcrumb\",\"itemListElement\":[{\"@type\":\"ListItem\",\"position\":1,\"name\":\"Portada\",\"item\":\"https:\/\/www.saminter.com\/ca\/\"},{\"@type\":\"ListItem\",\"position\":2,\"name\":\"El desenvolupament i programaci\u00f3 de programari a mida en la actualitat\"}]},{\"@type\":\"WebSite\",\"@id\":\"https:\/\/www.saminter.com\/ca\/#website\",\"url\":\"https:\/\/www.saminter.com\/ca\/\",\"name\":\"Sam\u00ednter\",\"description\":\"\",\"publisher\":{\"@id\":\"https:\/\/www.saminter.com\/ca\/#organization\"},\"potentialAction\":[{\"@type\":\"SearchAction\",\"target\":{\"@type\":\"EntryPoint\",\"urlTemplate\":\"https:\/\/www.saminter.com\/ca\/?s={search_term_string}\"},\"query-input\":{\"@type\":\"PropertyValueSpecification\",\"valueRequired\":true,\"valueName\":\"search_term_string\"}}],\"inLanguage\":\"ca\"},{\"@type\":\"Organization\",\"@id\":\"https:\/\/www.saminter.com\/ca\/#organization\",\"name\":\"Sam\u00ednter\",\"url\":\"https:\/\/www.saminter.com\/ca\/\",\"logo\":{\"@type\":\"ImageObject\",\"inLanguage\":\"ca\",\"@id\":\"https:\/\/www.saminter.com\/ca\/#\/schema\/logo\/image\/\",\"url\":\"https:\/\/www.saminter.com\/wp-content\/uploads\/2023\/02\/nou_logo.png\",\"contentUrl\":\"https:\/\/www.saminter.com\/wp-content\/uploads\/2023\/02\/nou_logo.png\",\"width\":530,\"height\":130,\"caption\":\"Sam\u00ednter\"},\"image\":{\"@id\":\"https:\/\/www.saminter.com\/ca\/#\/schema\/logo\/image\/\"}},{\"@type\":\"Person\",\"@id\":\"https:\/\/www.saminter.com\/ca\/#\/schema\/person\/06bb961686886574f3e1f8381935b0ca\",\"name\":\"UsSam\",\"image\":{\"@type\":\"ImageObject\",\"inLanguage\":\"ca\",\"@id\":\"https:\/\/www.saminter.com\/ca\/#\/schema\/person\/image\/\",\"url\":\"https:\/\/secure.gravatar.com\/avatar\/13994689505b239eae633151f79d42bd69ad6b4fb607da64338c3c2d502e4b79?s=96&d=mm&r=g\",\"contentUrl\":\"https:\/\/secure.gravatar.com\/avatar\/13994689505b239eae633151f79d42bd69ad6b4fb607da64338c3c2d502e4b79?s=96&d=mm&r=g\",\"caption\":\"UsSam\"},\"sameAs\":[\"https:\/\/www.saminter.com\"],\"url\":\"https:\/\/www.saminter.com\/ca\/author\/ussam\/\"}]}<\/script>\n<!-- \/ Yoast SEO plugin. -->","yoast_head_json":{"title":"El desenvolupament de programari a mida en la actualitat","description":"An\u00e0lisi del desenvolupament de programari a mida en la actualitat | Programaci\u00f3 d'aplicacions a mida d'escriptori i al n\u00favol","robots":{"index":"index","follow":"follow","max-snippet":"max-snippet:-1","max-image-preview":"max-image-preview:large","max-video-preview":"max-video-preview:-1"},"canonical":"https:\/\/www.saminter.com\/ca\/desenvolupament-i-programacio-de-software-a-mida-en-la-actualitat\/","og_locale":"ca_ES","og_type":"article","og_title":"El desenvolupament de programari a mida en la actualitat","og_description":"An\u00e0lisi del desenvolupament de programari a mida en la actualitat | Programaci\u00f3 d'aplicacions a mida d'escriptori i al n\u00favol","og_url":"https:\/\/www.saminter.com\/ca\/desenvolupament-i-programacio-de-software-a-mida-en-la-actualitat\/","og_site_name":"Sam\u00ednter","article_published_time":"2023-05-16T15:04:41+00:00","article_modified_time":"2023-06-07T15:37:17+00:00","og_image":[{"width":599,"height":599,"url":"https:\/\/www.saminter.com\/wp-content\/uploads\/2023\/05\/soft.jpg","type":"image\/jpeg"}],"author":"UsSam","twitter_card":"summary_large_image","twitter_misc":{"Escrit per":"UsSam","Temps estimat de lectura":"3 minuts"},"schema":{"@context":"https:\/\/schema.org","@graph":[{"@type":"Article","@id":"https:\/\/www.saminter.com\/ca\/desenvolupament-i-programacio-de-software-a-mida-en-la-actualitat\/#article","isPartOf":{"@id":"https:\/\/www.saminter.com\/ca\/desenvolupament-i-programacio-de-software-a-mida-en-la-actualitat\/"},"author":{"name":"UsSam","@id":"https:\/\/www.saminter.com\/ca\/#\/schema\/person\/06bb961686886574f3e1f8381935b0ca"},"headline":"El desenvolupament i programaci\u00f3 de programari a mida en la actualitat","datePublished":"2023-05-16T15:04:41+00:00","dateModified":"2023-06-07T15:37:17+00:00","mainEntityOfPage":{"@id":"https:\/\/www.saminter.com\/ca\/desenvolupament-i-programacio-de-software-a-mida-en-la-actualitat\/"},"wordCount":625,"publisher":{"@id":"https:\/\/www.saminter.com\/ca\/#organization"},"image":{"@id":"https:\/\/www.saminter.com\/ca\/desenvolupament-i-programacio-de-software-a-mida-en-la-actualitat\/#primaryimage"},"thumbnailUrl":"https:\/\/www.saminter.com\/wp-content\/uploads\/2023\/05\/soft.jpg","articleSection":["Sin categorizar"],"inLanguage":"ca"},{"@type":"WebPage","@id":"https:\/\/www.saminter.com\/ca\/desenvolupament-i-programacio-de-software-a-mida-en-la-actualitat\/","url":"https:\/\/www.saminter.com\/ca\/desenvolupament-i-programacio-de-software-a-mida-en-la-actualitat\/","name":"El desenvolupament de programari a mida en la actualitat","isPartOf":{"@id":"https:\/\/www.saminter.com\/ca\/#website"},"primaryImageOfPage":{"@id":"https:\/\/www.saminter.com\/ca\/desenvolupament-i-programacio-de-software-a-mida-en-la-actualitat\/#primaryimage"},"image":{"@id":"https:\/\/www.saminter.com\/ca\/desenvolupament-i-programacio-de-software-a-mida-en-la-actualitat\/#primaryimage"},"thumbnailUrl":"https:\/\/www.saminter.com\/wp-content\/uploads\/2023\/05\/soft.jpg","datePublished":"2023-05-16T15:04:41+00:00","dateModified":"2023-06-07T15:37:17+00:00","description":"An\u00e0lisi del desenvolupament de programari a mida en la actualitat | Programaci\u00f3 d'aplicacions a mida d'escriptori i al n\u00favol","breadcrumb":{"@id":"https:\/\/www.saminter.com\/ca\/desenvolupament-i-programacio-de-software-a-mida-en-la-actualitat\/#breadcrumb"},"inLanguage":"ca","potentialAction":[{"@type":"ReadAction","target":["https:\/\/www.saminter.com\/ca\/desenvolupament-i-programacio-de-software-a-mida-en-la-actualitat\/"]}]},{"@type":"ImageObject","inLanguage":"ca","@id":"https:\/\/www.saminter.com\/ca\/desenvolupament-i-programacio-de-software-a-mida-en-la-actualitat\/#primaryimage","url":"https:\/\/www.saminter.com\/wp-content\/uploads\/2023\/05\/soft.jpg","contentUrl":"https:\/\/www.saminter.com\/wp-content\/uploads\/2023\/05\/soft.jpg","width":599,"height":599,"caption":"El desarrollo y programaci\u00f3n de software a medida en la actualidad"},{"@type":"BreadcrumbList","@id":"https:\/\/www.saminter.com\/ca\/desenvolupament-i-programacio-de-software-a-mida-en-la-actualitat\/#breadcrumb","itemListElement":[{"@type":"ListItem","position":1,"name":"Portada","item":"https:\/\/www.saminter.com\/ca\/"},{"@type":"ListItem","position":2,"name":"El desenvolupament i programaci\u00f3 de programari a mida en la actualitat"}]},{"@type":"WebSite","@id":"https:\/\/www.saminter.com\/ca\/#website","url":"https:\/\/www.saminter.com\/ca\/","name":"Sam\u00ednter","description":"","publisher":{"@id":"https:\/\/www.saminter.com\/ca\/#organization"},"potentialAction":[{"@type":"SearchAction","target":{"@type":"EntryPoint","urlTemplate":"https:\/\/www.saminter.com\/ca\/?s={search_term_string}"},"query-input":{"@type":"PropertyValueSpecification","valueRequired":true,"valueName":"search_term_string"}}],"inLanguage":"ca"},{"@type":"Organization","@id":"https:\/\/www.saminter.com\/ca\/#organization","name":"Sam\u00ednter","url":"https:\/\/www.saminter.com\/ca\/","logo":{"@type":"ImageObject","inLanguage":"ca","@id":"https:\/\/www.saminter.com\/ca\/#\/schema\/logo\/image\/","url":"https:\/\/www.saminter.com\/wp-content\/uploads\/2023\/02\/nou_logo.png","contentUrl":"https:\/\/www.saminter.com\/wp-content\/uploads\/2023\/02\/nou_logo.png","width":530,"height":130,"caption":"Sam\u00ednter"},"image":{"@id":"https:\/\/www.saminter.com\/ca\/#\/schema\/logo\/image\/"}},{"@type":"Person","@id":"https:\/\/www.saminter.com\/ca\/#\/schema\/person\/06bb961686886574f3e1f8381935b0ca","name":"UsSam","image":{"@type":"ImageObject","inLanguage":"ca","@id":"https:\/\/www.saminter.com\/ca\/#\/schema\/person\/image\/","url":"https:\/\/secure.gravatar.com\/avatar\/13994689505b239eae633151f79d42bd69ad6b4fb607da64338c3c2d502e4b79?s=96&d=mm&r=g","contentUrl":"https:\/\/secure.gravatar.com\/avatar\/13994689505b239eae633151f79d42bd69ad6b4fb607da64338c3c2d502e4b79?s=96&d=mm&r=g","caption":"UsSam"},"sameAs":["https:\/\/www.saminter.com"],"url":"https:\/\/www.saminter.com\/ca\/author\/ussam\/"}]}},"uagb_featured_image_src":{"full":["https:\/\/www.saminter.com\/wp-content\/uploads\/2023\/05\/soft.jpg",599,599,false],"thumbnail":["https:\/\/www.saminter.com\/wp-content\/uploads\/2023\/05\/soft-150x150.jpg",150,150,true],"medium":["https:\/\/www.saminter.com\/wp-content\/uploads\/2023\/05\/soft-300x300.jpg",300,300,true],"medium_large":["https:\/\/www.saminter.com\/wp-content\/uploads\/2023\/05\/soft.jpg",599,599,false],"large":["https:\/\/www.saminter.com\/wp-content\/uploads\/2023\/05\/soft.jpg",599,599,false],"1536x1536":["https:\/\/www.saminter.com\/wp-content\/uploads\/2023\/05\/soft.jpg",599,599,false],"2048x2048":["https:\/\/www.saminter.com\/wp-content\/uploads\/2023\/05\/soft.jpg",599,599,false]},"uagb_author_info":{"display_name":"UsSam","author_link":"https:\/\/www.saminter.com\/ca\/author\/ussam\/"},"uagb_comment_info":0,"uagb_excerpt":"Sovint, les aplicacions de programari generalistes o prefabricades no s\u00f3n suficients per solucionar les tasques di\u00e0ries d&#8217;un negoci, fet que porta a utilitzar diferents aplicacions, s&#8217;allarguen els processos de treball, es dupliquen les accions, augmenta la probabilitat d&#8217;errors en passar dades i es limiten els procediments. En aquests casos, la soluci\u00f3 ideal \u00e9s el desenvolupament&hellip;","_links":{"self":[{"href":"https:\/\/www.saminter.com\/ca\/wp-json\/wp\/v2\/posts\/4551","targetHints":{"allow":["GET"]}}],"collection":[{"href":"https:\/\/www.saminter.com\/ca\/wp-json\/wp\/v2\/posts"}],"about":[{"href":"https:\/\/www.saminter.com\/ca\/wp-json\/wp\/v2\/types\/post"}],"author":[{"embeddable":true,"href":"https:\/\/www.saminter.com\/ca\/wp-json\/wp\/v2\/users\/1"}],"replies":[{"embeddable":true,"href":"https:\/\/www.saminter.com\/ca\/wp-json\/wp\/v2\/comments?post=4551"}],"version-history":[{"count":10,"href":"https:\/\/www.saminter.com\/ca\/wp-json\/wp\/v2\/posts\/4551\/revisions"}],"predecessor-version":[{"id":4749,"href":"https:\/\/www.saminter.com\/ca\/wp-json\/wp\/v2\/posts\/4551\/revisions\/4749"}],"wp:featuredmedia":[{"embeddable":true,"href":"https:\/\/www.saminter.com\/ca\/wp-json\/wp\/v2\/media\/4542"}],"wp:attachment":[{"href":"https:\/\/www.saminter.com\/ca\/wp-json\/wp\/v2\/media?parent=4551"}],"wp:term":[{"taxonomy":"category","embeddable":true,"href":"https:\/\/www.saminter.com\/ca\/wp-json\/wp\/v2\/categories?post=4551"},{"taxonomy":"post_tag","embeddable":true,"href":"https:\/\/www.saminter.com\/ca\/wp-json\/wp\/v2\/tags?post=4551"}],"curies":[{"name":"wp","href":"https:\/\/api.w.org\/{rel}","templated":true}]}}